{"id":11980,"date":"2026-04-29T08:18:40","date_gmt":"2026-04-29T06:18:40","guid":{"rendered":"https:\/\/www.felix-bauer-it.de\/blog\/amazon-bringt-dark-mode-auf-kindle-colorsoft-und-kindle-scribe-colorsoft\/"},"modified":"2026-04-29T08:31:11","modified_gmt":"2026-04-29T06:31:11","slug":"amazon-bringt-dark-mode-auf-kindle-colorsoft-und-kindle-scribe-colorsoft","status":"publish","type":"post","link":"https:\/\/www.felix-bauer-it.de\/blog\/amazon-bringt-dark-mode-auf-kindle-colorsoft-und-kindle-scribe-colorsoft\/","title":{"rendered":"Amazon bringt Dark Mode auf Kindle Colorsoft und Kindle Scribe Colorsoft"},"content":{"rendered":"<p id=\"block-4f966021-1875-4189-ba33-0bfe7a96825a\">Amazon erweitert seinen Farb-Kindle um eine Funktion, die sich viele Nutzer seit Monaten gew\u00fcnscht haben. Dark Mode. Das Unternehmen rollt die neue Darstellung f\u00fcr die Kindle-Modelle \u201eColorsoft\u201c und \u201eScribe Colorsoft\u201c aus. Der Modus kann demnach sofort aktiviert werden und soll in den kommenden Wochen schrittweise auf den Ger\u00e4ten verf\u00fcgbar sein.<\/p>\n\n\n\n<p id=\"block-ca340e8a-eb94-42e8-af48-fad7b6f0473a\">Der Dark Mode betrifft dabei nicht nur einzelne Leseseiten, sondern auch die Benutzeroberfl\u00e4che der Ger\u00e4te. Dadurch wird die Nutzung in dunkler Umgebung deutlich angenehmer, da auch Men\u00fcs, der Startbildschirm und weitere Systembereiche auf eine dunkle Darstellung umschalten k\u00f6nnen. Das war besonders beim Kindle Colorsoft ein h\u00e4ufiger Kritikpunkt, da sich zwar einzelne Inhalte dunkler darstellen lie\u00dfen, die komplette Bedienoberfl\u00e4che aber weiterhin hell blieb.<\/p>\n\n\n\n<p id=\"block-e513a365-5bea-4770-b35e-4181e0dcb7ae\">F\u00fcr die Colorsoft-Modelle f\u00fchrt Amazon zudem Anpassungsoptionen ein. Nutzer sollen ausw\u00e4hlen k\u00f6nnen, welche Bereiche des Ger\u00e4ts dunkel und welche hell dargestellt werden. Dies ist vor allem f\u00fcr den Kindle Scribe Colorsoft relevant, da er neben dem Lesen auch als digitales Notizger\u00e4t eingesetzt wird. Dabei sollen handgeschriebene Notizen und farbige Markierungen ihre Farben behalten.<\/p>\n\n\n\n<p id=\"block-b579529d-96c7-40e7-a9d3-8e8eb7681900\">Mit dem Update schlie\u00dft Amazon eine L\u00fccke, durch die sich der Farbkindle trotz seiner erweiterten Funktionen bislang von anderen E-Readern unterschied. Gerade f\u00fcr Menschen, die abends oder nachts lesen, d\u00fcrfte die neue Funktion den Alltag sp\u00fcrbar erleichtern.<\/p>","protected":false},"excerpt":{"rendered":"<p>Amazon erweitert seinen Farb-Kindle um eine Funktion, die sich viele Nutzer seit Monaten gew\u00fcnscht haben. Dark Mode. Das Unternehmen rollt die neue Darstellung f\u00fcr die Kindle-Modelle \u201eColorsoft\u201c und \u201eScribe Colorsoft\u201c aus. Der Modus kann demnach sofort aktiviert werden und soll in den kommenden Wochen schrittweise auf den Ger\u00e4ten verf\u00fcgbar sein. Der Dark Mode betrifft dabei...<\/p>\n","protected":false},"author":1,"featured_media":11993,"comment_status":"open","ping_status":"closed","sticky":false,"template":"","format":"standard","meta":{"footnotes":""},"categories":[6,1],"tags":[],"_links":{"self":[{"href":"https:\/\/www.felix-bauer-it.de\/blog\/wp-json\/wp\/v2\/posts\/11980"}],"collection":[{"href":"https:\/\/www.felix-bauer-it.de\/blog\/wp-json\/wp\/v2\/posts"}],"about":[{"href":"https:\/\/www.felix-bauer-it.de\/blog\/wp-json\/wp\/v2\/types\/post"}],"author":[{"embeddable":true,"href":"https:\/\/www.felix-bauer-it.de\/blog\/wp-json\/wp\/v2\/users\/1"}],"replies":[{"embeddable":true,"href":"https:\/\/www.felix-bauer-it.de\/blog\/wp-json\/wp\/v2\/comments?post=11980"}],"version-history":[{"count":1,"href":"https:\/\/www.felix-bauer-it.de\/blog\/wp-json\/wp\/v2\/posts\/11980\/revisions"}],"predecessor-version":[{"id":11992,"href":"https:\/\/www.felix-bauer-it.de\/blog\/wp-json\/wp\/v2\/posts\/11980\/revisions\/11992"}],"wp:featuredmedia":[{"embeddable":true,"href":"https:\/\/www.felix-bauer-it.de\/blog\/wp-json\/wp\/v2\/media\/11993"}],"wp:attachment":[{"href":"https:\/\/www.felix-bauer-it.de\/blog\/wp-json\/wp\/v2\/media?parent=11980"}],"wp:term":[{"taxonomy":"category","embeddable":true,"href":"https:\/\/www.felix-bauer-it.de\/blog\/wp-json\/wp\/v2\/categories?post=11980"},{"taxonomy":"post_tag","embeddable":true,"href":"https:\/\/www.felix-bauer-it.de\/blog\/wp-json\/wp\/v2\/tags?post=11980"}],"curies":[{"name":"wp","href":"https:\/\/api.w.org\/{rel}","templated":true}]}}