{"id":11962,"date":"2026-04-28T15:12:07","date_gmt":"2026-04-28T13:12:07","guid":{"rendered":"https:\/\/www.felix-bauer-it.de\/blog\/sony-stellt-music-pro-schrittweise-ein\/"},"modified":"2026-04-28T15:16:16","modified_gmt":"2026-04-28T13:16:16","slug":"sony-stellt-music-pro-schrittweise-ein","status":"publish","type":"post","link":"https:\/\/www.felix-bauer-it.de\/blog\/sony-stellt-music-pro-schrittweise-ein\/","title":{"rendered":"Sony stellt Music Pro schrittweise ein"},"content":{"rendered":"<p id=\"block-c9a504bc-d5d5-4f34-8d33-6d039d5c7f15\">Sony wird seine Music-Pro-App f\u00fcr Xperia-Smartphones noch in diesem Jahr einstellen. Der Dienst wird jedoch nicht sofort abgeschaltet, sondern l\u00e4uft in mehreren Etappen aus. So sollen neue K\u00e4ufe und Abo-Verl\u00e4ngerungen ab dem 27. Juli 2026 nicht mehr m\u00f6glich sein. Am 26. August 2026, einen Monat sp\u00e4ter, enden die kostenpflichtigen Leistungen. Die vollst\u00e4ndige Einstellung aller Funktionen ist f\u00fcr den 27. Oktober 2026 angek\u00fcndigt. Sony nennt f\u00fcr diese Entscheidung verschiedene Umst\u00e4nde als Begr\u00fcndung.<\/p>\n\n\n<div class=\"wp-block-image\">\n<figure class=\"aligncenter size-large\"><img loading=\"lazy\" decoding=\"async\" width=\"700\" height=\"313\" src=\"https:\/\/www.felix-bauer-it.de\/blog\/wp-content\/uploads\/2026\/04\/image-3-700x313.png\" alt=\"Sony Music Pro\" class=\"wp-image-11968\" srcset=\"https:\/\/www.felix-bauer-it.de\/blog\/wp-content\/uploads\/2026\/04\/image-3-700x313.png 700w, https:\/\/www.felix-bauer-it.de\/blog\/wp-content\/uploads\/2026\/04\/image-3-300x134.png 300w, https:\/\/www.felix-bauer-it.de\/blog\/wp-content\/uploads\/2026\/04\/image-3-768x344.png 768w, https:\/\/www.felix-bauer-it.de\/blog\/wp-content\/uploads\/2026\/04\/image-3-800x358.png 800w, https:\/\/www.felix-bauer-it.de\/blog\/wp-content\/uploads\/2026\/04\/image-3.png 1342w\" sizes=\"(max-width: 700px) 100vw, 700px\" \/><\/figure><\/div>\n\n\n<p id=\"block-93012e24-67af-43ec-9c7a-d80c0153f63a\">Music Pro war als spezielles Aufnahmewerkzeug f\u00fcr ausgew\u00e4hlte Xperia-Modelle positioniert. Mithilfe von Funktionen wie Rauschunterdr\u00fcckung, Hallentfernung und Studio-Abstimmung sollte die App eine m\u00f6glichst saubere Sprach- und Musikaufnahme direkt auf dem Smartphone erm\u00f6glichen. Das Angebot richtete sich vor allem an Nutzer, die mit dem Smartphone hochwertige Demo-Aufnahmen oder einfache Produktionen erstellen wollten.<\/p>\n\n\n\n<p id=\"block-0b97b2d4-dc2c-4046-bc0c-d49905313d58\">F\u00fcr bestehende Nutzer ist vor allem der Zeitplan von Bedeutung. Sony weist darauf hin, dass Projekte und darin gespeicherte Audio- oder Videodaten vor dem Enddatum exportiert werden sollten. Nach dem 27. Oktober 2026 sind die Inhalte den Angaben zufolge nicht mehr zug\u00e4nglich. Nutzer, die Music Pro weiterhin verwenden m\u00f6chten, sollten die verbleibende Zeit daher f\u00fcr die Sicherung eigener Dateien nutzen.<\/p>\n\n\n\n<p id=\"block-22fa88bf-a3ec-4714-aed8-f13a2804ec29\">Mit dem Aus von Music Pro verliert die Xperia-Reihe eines ihrer auff\u00e4lligeren Alleinstellungsmerkmale. Da die App eng mit Sonys Smartphone-Segment verbunden war, d\u00fcrfte die Einstellung vor allem bei langj\u00e4hrigen Xperia-Nutzern f\u00fcr Aufmerksamkeit sorgen. Gleichzeitig zeigt dieser Schritt, dass Sony seine Software-Angebote im mobilen Bereich offenbar st\u00e4rker b\u00fcndelt oder zur\u00fcckf\u00e4hrt.<\/p>","protected":false},"excerpt":{"rendered":"<p>Sony wird seine Music-Pro-App f\u00fcr Xperia-Smartphones noch in diesem Jahr einstellen. Der Dienst wird jedoch nicht sofort abgeschaltet, sondern l\u00e4uft in mehreren Etappen aus. So sollen neue K\u00e4ufe und Abo-Verl\u00e4ngerungen ab dem 27. Juli 2026 nicht mehr m\u00f6glich sein. Am 26. August 2026, einen Monat sp\u00e4ter, enden die kostenpflichtigen Leistungen. Die vollst\u00e4ndige Einstellung aller Funktionen...<\/p>\n","protected":false},"author":1,"featured_media":0,"comment_status":"open","ping_status":"closed","sticky":false,"template":"","format":"standard","meta":{"footnotes":""},"categories":[6,1],"tags":[],"_links":{"self":[{"href":"https:\/\/www.felix-bauer-it.de\/blog\/wp-json\/wp\/v2\/posts\/11962"}],"collection":[{"href":"https:\/\/www.felix-bauer-it.de\/blog\/wp-json\/wp\/v2\/posts"}],"about":[{"href":"https:\/\/www.felix-bauer-it.de\/blog\/wp-json\/wp\/v2\/types\/post"}],"author":[{"embeddable":true,"href":"https:\/\/www.felix-bauer-it.de\/blog\/wp-json\/wp\/v2\/users\/1"}],"replies":[{"embeddable":true,"href":"https:\/\/www.felix-bauer-it.de\/blog\/wp-json\/wp\/v2\/comments?post=11962"}],"version-history":[{"count":4,"href":"https:\/\/www.felix-bauer-it.de\/blog\/wp-json\/wp\/v2\/posts\/11962\/revisions"}],"predecessor-version":[{"id":11970,"href":"https:\/\/www.felix-bauer-it.de\/blog\/wp-json\/wp\/v2\/posts\/11962\/revisions\/11970"}],"wp:attachment":[{"href":"https:\/\/www.felix-bauer-it.de\/blog\/wp-json\/wp\/v2\/media?parent=11962"}],"wp:term":[{"taxonomy":"category","embeddable":true,"href":"https:\/\/www.felix-bauer-it.de\/blog\/wp-json\/wp\/v2\/categories?post=11962"},{"taxonomy":"post_tag","embeddable":true,"href":"https:\/\/www.felix-bauer-it.de\/blog\/wp-json\/wp\/v2\/tags?post=11962"}],"curies":[{"name":"wp","href":"https:\/\/api.w.org\/{rel}","templated":true}]}}