{"id":11949,"date":"2026-04-28T14:59:07","date_gmt":"2026-04-28T12:59:07","guid":{"rendered":"https:\/\/www.felix-bauer-it.de\/blog\/usb-c-wird-fuer-neue-laptops-in-der-eu-pflicht\/"},"modified":"2026-04-28T15:04:11","modified_gmt":"2026-04-28T13:04:11","slug":"usb-c-wird-fuer-neue-laptops-in-der-eu-pflicht","status":"publish","type":"post","link":"https:\/\/www.felix-bauer-it.de\/blog\/usb-c-wird-fuer-neue-laptops-in-der-eu-pflicht\/","title":{"rendered":"USB-C wird f\u00fcr neue Laptops in der EU Pflicht"},"content":{"rendered":"<p id=\"block-d933e429-4825-49bc-ab27-2018315f16ea\">Ab heute, dem 28. April 2026, gilt die USB-C-Pflicht in der Europ\u00e4ischen Union nun auch f\u00fcr Laptops. Damit wird die Regelung zum einheitlichen Ladeanschluss auf eine weitere gro\u00dfe Ger\u00e4teklasse ausgeweitet. Bereits zuvor waren unter anderem Smartphones, Tablets und weitere mobile Elektronikger\u00e4te davon erfasst. Gem\u00e4\u00df den neuen Vorgaben m\u00fcssen Laptops, die in der EU verkauft werden sollen, mit einem USB-C-Ladeanschluss ausgestattet sein.<\/p>\n\n\n\n<p id=\"block-9284ee19-1e38-4a97-af50-d64702a9b582\">Die Umstellung folgt der europ\u00e4ischen Vorgabe f\u00fcr einheitliche Ladeger\u00e4te, die seit Jahren schrittweise eingef\u00fchrt wird. Laut aktuellen Berichten betrifft die Pflicht nun auch mobile Computer mit einer Leistungsaufnahme von bis zu 240 Watt. Somit unterliegen auch leistungsst\u00e4rkere Ger\u00e4te der Regelung, sofern sie innerhalb dieser Grenze liegen.<\/p>\n\n\n\n<p id=\"block-2ac17a87-1db4-45b0-8c72-53f3abe1a7a4\">Die Neuregelung soll den Alltag der K\u00e4ufer erleichtern. K\u00fcnftig kann ein Ladeger\u00e4t ger\u00e4te\u00fcbergreifend genutzt werden. Dadurch sollen Elektroschrott und unn\u00f6tige Doppelk\u00e4ufe reduziert werden. Gleichzeitig gilt jedoch, dass nicht jedes USB-C-Kabel automatisch f\u00fcr jedes Ger\u00e4t geeignet ist. Ausschlaggebend sind die unterst\u00fctzte Leistung und die Kennzeichnung des Kabels, etwa \u00fcber Power Delivery und die passende Wattzahl.<\/p>\n\n\n\n<p id=\"block-2d029e90-7d64-49fe-bdd0-9772ab7b43e7\">F\u00fcr  Verbraucher bedeutet dies vor allem weniger Kabelchaos und mehr Kompatibilit\u00e4t.<\/p>","protected":false},"excerpt":{"rendered":"<p>Ab heute, dem 28. April 2026, gilt die USB-C-Pflicht in der Europ\u00e4ischen Union nun auch f\u00fcr Laptops. Damit wird die Regelung zum einheitlichen Ladeanschluss auf eine weitere gro\u00dfe Ger\u00e4teklasse ausgeweitet. Bereits zuvor waren unter anderem Smartphones, Tablets und weitere mobile Elektronikger\u00e4te davon erfasst. Gem\u00e4\u00df den neuen Vorgaben m\u00fcssen Laptops, die in der EU verkauft werden...<\/p>\n","protected":false},"author":1,"featured_media":11951,"comment_status":"open","ping_status":"closed","sticky":false,"template":"","format":"standard","meta":{"footnotes":""},"categories":[6,1],"tags":[],"_links":{"self":[{"href":"https:\/\/www.felix-bauer-it.de\/blog\/wp-json\/wp\/v2\/posts\/11949"}],"collection":[{"href":"https:\/\/www.felix-bauer-it.de\/blog\/wp-json\/wp\/v2\/posts"}],"about":[{"href":"https:\/\/www.felix-bauer-it.de\/blog\/wp-json\/wp\/v2\/types\/post"}],"author":[{"embeddable":true,"href":"https:\/\/www.felix-bauer-it.de\/blog\/wp-json\/wp\/v2\/users\/1"}],"replies":[{"embeddable":true,"href":"https:\/\/www.felix-bauer-it.de\/blog\/wp-json\/wp\/v2\/comments?post=11949"}],"version-history":[{"count":1,"href":"https:\/\/www.felix-bauer-it.de\/blog\/wp-json\/wp\/v2\/posts\/11949\/revisions"}],"predecessor-version":[{"id":11952,"href":"https:\/\/www.felix-bauer-it.de\/blog\/wp-json\/wp\/v2\/posts\/11949\/revisions\/11952"}],"wp:featuredmedia":[{"embeddable":true,"href":"https:\/\/www.felix-bauer-it.de\/blog\/wp-json\/wp\/v2\/media\/11951"}],"wp:attachment":[{"href":"https:\/\/www.felix-bauer-it.de\/blog\/wp-json\/wp\/v2\/media?parent=11949"}],"wp:term":[{"taxonomy":"category","embeddable":true,"href":"https:\/\/www.felix-bauer-it.de\/blog\/wp-json\/wp\/v2\/categories?post=11949"},{"taxonomy":"post_tag","embeddable":true,"href":"https:\/\/www.felix-bauer-it.de\/blog\/wp-json\/wp\/v2\/tags?post=11949"}],"curies":[{"name":"wp","href":"https:\/\/api.w.org\/{rel}","templated":true}]}}