{"id":11932,"date":"2026-04-28T14:38:46","date_gmt":"2026-04-28T12:38:46","guid":{"rendered":"https:\/\/www.felix-bauer-it.de\/blog\/whatsapp-arbeitet-offenbar-an-eigenem-cloud-speicher-fuer-backups\/"},"modified":"2026-04-28T14:58:28","modified_gmt":"2026-04-28T12:58:28","slug":"whatsapp-arbeitet-offenbar-an-eigenem-cloud-speicher-fuer-backups","status":"publish","type":"post","link":"https:\/\/www.felix-bauer-it.de\/blog\/whatsapp-arbeitet-offenbar-an-eigenem-cloud-speicher-fuer-backups\/","title":{"rendered":"WhatsApp arbeitet offenbar an eigenem Cloud-Speicher f\u00fcr Backups"},"content":{"rendered":"<p>Aktuellen Berichten zufolge bereitet WhatsApp einen eigenen Cloud-Speicher f\u00fcr Chat-Backups vor. Die Funktion soll es Nutzern erm\u00f6glichen, ihre Sicherungen k\u00fcnftig direkt bei WhatsApp abzulegen, statt daf\u00fcr ausschlie\u00dflich Google Drive oder iCloud zu nutzen. Das Ziel besteht offenbar darin, mehr Kontrolle \u00fcber die Backup-Verwaltung zu erlangen und weniger abh\u00e4ngig von den bislang genutzten Plattformen zu sein.<\/p>\n\n\n\n<p>Nach den vorliegenden Informationen befindet sich das Vorhaben noch in der Entwicklung. In ersten Hinweisen ist von einer Auswahl innerhalb der App die Rede, bei der Nutzer zwischen dem bisherigen Cloud-Speicher ihres Betriebssystems und dem neuen Angebot von WhatsApp w\u00e4hlen k\u00f6nnen. Der Backup-Dienst soll zudem Ende-zu-Ende-verschl\u00fcsselt sein, damit die Inhalte auch auf den Servern des Dienstes gesch\u00fctzt bleiben.<\/p>\n\n\n\n<p>Das k\u00f6nnte vor allem f\u00fcr Nutzer interessant sein, die ihr Backup bisher \u00fcber Google oder Apple sichern und beim Ger\u00e4tewechsel an Grenzen sto\u00dfen. Die bisherige L\u00f6sung ist an das jeweilige \u00d6kosystem gebunden. Wer etwa von Android auf iPhone wechselt, kann ein Google-Drive-Backup nicht ohne Weiteres auf dem neuen Ger\u00e4t einspielen. Ein eigener Speicher von WhatsApp k\u00f6nnte diese Trennung langfristig entsch\u00e4rfen.<\/p>\n\n\n\n<p>Offen bleibt allerdings, wann die Funktion tats\u00e4chlich startet und in welchem Umfang sie verf\u00fcgbar sein wird. Derzeit sprechen die Berichte nur von einer Test- oder Entwicklungsphase. Auch technische Details wie Speichergrenzen, m\u00f6gliche Zusatzkosten oder die genaue Integration in bestehende Backup-Einstellungen sind noch nicht best\u00e4tigt.<\/p>","protected":false},"excerpt":{"rendered":"<p>Aktuellen Berichten zufolge bereitet WhatsApp einen eigenen Cloud-Speicher f\u00fcr Chat-Backups vor. Die Funktion soll es Nutzern erm\u00f6glichen, ihre Sicherungen k\u00fcnftig direkt bei WhatsApp abzulegen, statt daf\u00fcr ausschlie\u00dflich Google Drive oder iCloud zu nutzen. Das Ziel besteht offenbar darin, mehr Kontrolle \u00fcber die Backup-Verwaltung zu erlangen und weniger abh\u00e4ngig von den bislang genutzten Plattformen zu sein....<\/p>\n","protected":false},"author":1,"featured_media":11948,"comment_status":"open","ping_status":"closed","sticky":false,"template":"","format":"standard","meta":{"footnotes":""},"categories":[1],"tags":[],"_links":{"self":[{"href":"https:\/\/www.felix-bauer-it.de\/blog\/wp-json\/wp\/v2\/posts\/11932"}],"collection":[{"href":"https:\/\/www.felix-bauer-it.de\/blog\/wp-json\/wp\/v2\/posts"}],"about":[{"href":"https:\/\/www.felix-bauer-it.de\/blog\/wp-json\/wp\/v2\/types\/post"}],"author":[{"embeddable":true,"href":"https:\/\/www.felix-bauer-it.de\/blog\/wp-json\/wp\/v2\/users\/1"}],"replies":[{"embeddable":true,"href":"https:\/\/www.felix-bauer-it.de\/blog\/wp-json\/wp\/v2\/comments?post=11932"}],"version-history":[{"count":4,"href":"https:\/\/www.felix-bauer-it.de\/blog\/wp-json\/wp\/v2\/posts\/11932\/revisions"}],"predecessor-version":[{"id":11944,"href":"https:\/\/www.felix-bauer-it.de\/blog\/wp-json\/wp\/v2\/posts\/11932\/revisions\/11944"}],"wp:featuredmedia":[{"embeddable":true,"href":"https:\/\/www.felix-bauer-it.de\/blog\/wp-json\/wp\/v2\/media\/11948"}],"wp:attachment":[{"href":"https:\/\/www.felix-bauer-it.de\/blog\/wp-json\/wp\/v2\/media?parent=11932"}],"wp:term":[{"taxonomy":"category","embeddable":true,"href":"https:\/\/www.felix-bauer-it.de\/blog\/wp-json\/wp\/v2\/categories?post=11932"},{"taxonomy":"post_tag","embeddable":true,"href":"https:\/\/www.felix-bauer-it.de\/blog\/wp-json\/wp\/v2\/tags?post=11932"}],"curies":[{"name":"wp","href":"https:\/\/api.w.org\/{rel}","templated":true}]}}