{"id":11855,"date":"2026-04-26T10:58:48","date_gmt":"2026-04-26T08:58:48","guid":{"rendered":"https:\/\/www.felix-bauer-it.de\/blog\/?p=11855"},"modified":"2026-04-26T11:02:50","modified_gmt":"2026-04-26T09:02:50","slug":"bundesregierung-beschliesst-speicherpflicht-fuer-ip-adressen-was-sich-jetzt-aendern-soll","status":"publish","type":"post","link":"https:\/\/www.felix-bauer-it.de\/blog\/bundesregierung-beschliesst-speicherpflicht-fuer-ip-adressen-was-sich-jetzt-aendern-soll\/","title":{"rendered":"Bundesregierung beschlie\u00dft Speicherpflicht f\u00fcr IP-Adressen: Was sich jetzt \u00e4ndern soll"},"content":{"rendered":"<p>Die Bundesregierung hat einen neuen Anlauf zur Speicherung von IP-Adressen beschlossen. Am 22. April 2026 hat das Bundeskabinett einen entsprechenden Gesetzentwurf auf den Weg gebracht. Dieser verpflichtet Internetzugangsanbieter dazu, IP-Adressen f\u00fcr drei Monate vorsorglich zu speichern. Das Ziel besteht darin, Straftaten im Netz besser verfolgen zu k\u00f6nnen, beispielsweise Cyberbetrug, Hasskriminalit\u00e4t oder die Verbreitung von Missbrauchsdarstellungen. Das Vorhaben ist jedoch noch nicht endg\u00fcltig Gesetz: Der Entwurf muss nun das parlamentarische Verfahren durchlaufen.<\/p>\n\n\n\n<!--more-->\n\n\n\n<h2 class=\"wp-block-heading\">Worum geht es bei der neuen IP-Speicherpflicht?<\/h2>\n\n\n\n<p>Der Kern des Gesetzentwurfs ist die dreimonatige Speicherung von IP-Adressen durch Internetzugangsanbieter. Eine IP-Adresse funktioniert vereinfacht gesagt wie ein technisches Kennzeichen im Internet. Zwar zeigt sie nicht direkt den Namen einer Person, sie kann aber \u00fcber den Anbieter einem Anschluss zugeordnet werden - zumindest dann, wenn die entsprechenden Zuordnungsdaten noch vorhanden sind.<\/p>\n\n\n\n<p>Genau hier setzt die Bundesregierung an. Wenn Ermittler bei einer Straftat im Netz nur eine IP-Adresse haben, die beim Provider aber nicht mehr einem Anschluss zugeordnet werden kann, laufen die Ermittlungen h\u00e4ufig ins Leere. Laut Bundesregierung sind IP-Adressen bei Straftaten im digitalen Raum oft die einzige verwertbare Spur.<\/p>\n\n\n\n<h2 class=\"wp-block-heading\">Welche Daten sollen gespeichert werden?<\/h2>\n\n\n\n<p>Laut Bundesregierung geht es weder um die Inhalte von Kommunikation noch darum, welche Webseiten jemand besucht. Vielmehr sollen die Daten gespeichert werden, die notwendig sind, um eine IP-Adresse nachtr\u00e4glich einem Internetanschluss zuordnen zu k\u00f6nnen. Dazu k\u00f6nnen neben der IP-Adresse auch der Beginn und das Ende der Nutzung sowie teilweise Portnummern geh\u00f6ren.<\/p>\n\n\n\n<p>Die Regierung betont, dass keine Bewegungs- oder Pers\u00f6nlichkeitsprofile erstellt werden sollen. Auch die Inhalte von Nachrichten, E-Mails oder besuchten Webseiten sollen von der Speicherpflicht nicht erfasst werden. Kritiker bezweifeln jedoch, dass IP-Adressen wirklich so harmlos sind, wie politisch oft dargestellt. Denn in Verbindung mit anderen Datenpunkten k\u00f6nnen IP-Adressen durchaus R\u00fcckschl\u00fcsse auf das Online-Verhalten erm\u00f6glichen.<\/p>\n\n\n\n<h2 class=\"wp-block-heading\">Warum will die Bundesregierung IP-Adressen speichern lassen?<\/h2>\n\n\n\n<p>Die Bundesregierung begr\u00fcndet diesen Schritt vor allem mit der besseren Bek\u00e4mpfung von Internetkriminalit\u00e4t. Insbesondere werden Straftaten im Zusammenhang mit Missbrauchsdarstellungen, Cyberbetrug und Hasskriminalit\u00e4t im Netz genannt. Gerade bei anonymen Online-Accounts, Fake-Shops oder strafbaren Kommentaren kann die IP-Adresse der erste Ansatzpunkt sein, um eine reale Person hinter einer Handlung zu identifizieren.<\/p>\n\n\n\n<p>Aus Sicht der Strafverfolgungsbeh\u00f6rden ist das Problem eindeutig: Viele Provider speichern dynamisch vergebene IP-Adressen bislang zu kurz. Wenn eine Anzeige erst Tage oder Wochen sp\u00e4ter bearbeitet wird, ist eine Zuordnung oft nicht mehr m\u00f6glich. Mit der geplanten Speicherfrist von drei Monaten soll diese L\u00fccke geschlossen werden.<\/p>\n\n\n\n<h2 class=\"wp-block-heading\">Ist das eine neue Vorratsdatenspeicherung?<\/h2>\n\n\n\n<p>Genau das ist der politische Streitpunkt. Die Bundesregierung vermeidet den Begriff \u201eVorratsdatenspeicherung\u201d und spricht stattdessen von einer \u201egezielten IP-Adressspeicherung\u201d. Der Unterschied zur klassischen Vorratsdatenspeicherung besteht demnach darin, dass nicht s\u00e4mtliche Kommunikations- und Standortdaten, sondern lediglich die Zuordnung einer IP-Adresse zu einem Anschluss gespeichert werden.<\/p>\n\n\n\n<p>Kritiker sehen darin dennoch eine anlasslose Speicherung der Daten aller Internetnutzer. Netzpolitik.org bezeichnet das Vorhaben deshalb als neuen Anlauf zur Vorratsdatenspeicherung, da IP-Adressen und Portnummern s\u00e4mtlicher Nutzer f\u00fcr drei Monate gespeichert werden sollen - unabh\u00e4ngig davon, ob gegen die jeweilige Person ein Verdacht besteht.<\/p>\n\n\n\n<h2 class=\"wp-block-heading\">Quick Freeze kommt zus\u00e4tzlich<\/h2>\n\n\n\n<p>Neben der IP-Speicherpflicht sieht der Gesetzentwurf auch eine sogenannte Sicherungsanordnung vor. Dieses Prinzip \u00e4hnelt dem Quick-Freeze-Verfahren: Bei einem konkreten Anlass sollen bestimmte Verkehrsdaten f\u00fcr bis zu drei Monate gesichert werden k\u00f6nnen, wenn die rechtlichen oder tats\u00e4chlichen Voraussetzungen f\u00fcr eine direkte Datenerhebung noch nicht vorliegen.<\/p>\n\n\n\n<p>Der Unterschied ist wichtig: Die IP-Speicherung soll vorsorglich und generell gelten. Die Sicherungsanordnung setzt dagegen einen konkreten Anlass voraus und betrifft dar\u00fcber hinausgehende Daten.<\/p>\n\n\n\n<h2 class=\"wp-block-heading\">Warum ist das rechtlich umstritten?<\/h2>\n\n\n\n<p>Die Vorratsdatenspeicherung hat in Deutschland eine lange Vorgeschichte. Fr\u00fchere Regelungen wurden von Gerichten gestoppt oder konnten aufgrund europarechtlicher Vorgaben nicht dauerhaft angewendet werden. Der Europ\u00e4ische Gerichtshof hat seine strenge Linie im Jahr 2024 gelockert und die Speicherung von IP-Adressen unter bestimmten Umst\u00e4nden erm\u00f6glicht. Ob der neue deutsche Gesetzentwurf diese Vorgaben tats\u00e4chlich einh\u00e4lt, k\u00f6nnte am Ende erneut gerichtlich \u00fcberpr\u00fcft werden.<\/p>\n\n\n\n<p>Genau deshalb ist das Thema so sensibel: Einerseits steht das legitime Interesse, schwere Straftaten im Netz besser aufzukl\u00e4ren, im Vordergrund. Andererseits geht es um die Frage, ob der Staat die Daten aller B\u00fcrger vorsorglich speichern lassen darf, obwohl die allermeisten Nutzer nie Anlass f\u00fcr Ermittlungen geben.<\/p>\n\n\n\n<h2 class=\"wp-block-heading\">Was bedeutet das f\u00fcr normale Internetnutzer?<\/h2>\n\n\n\n<p>F\u00fcr normale Nutzer w\u00fcrde sich im Alltag zun\u00e4chst wenig sichtbar \u00e4ndern. Sie m\u00fcssten sich nicht registrieren, keine neue App installieren und das Surfen w\u00fcrde technisch nicht anders funktionieren. Im Hintergrund w\u00e4ren Internetzugangsanbieter jedoch dazu verpflichtet, die Zuordnung zwischen IP-Adresse und Anschluss f\u00fcr drei Monate vorzuhalten.<\/p>\n\n\n\n<p>Praktisch bedeutet das: Wenn \u00fcber eine bestimmte IP-Adresse eine Straftat begangen wurde und die Ermittler sp\u00e4ter beim Provider nachfragen, kann der Anbieter nachvollziehen, welchem Anschluss diese IP-Adresse zu diesem Zeitpunkt zugeordnet war. Das hei\u00dft jedoch nicht, dass jede gespeicherte IP-Adresse auch aktiv ausgewertet wird.<\/p>\n\n\n\n<h2 class=\"wp-block-heading\">Die Kritik: Datenschutz, Missbrauchsrisiken und Grundrechte<\/h2>\n\n\n\n<p>Datensch\u00fctzer und B\u00fcrgerrechtsorganisationen stehen der geplanten Speicherpflicht kritisch gegen\u00fcber. Ihr Hauptargument: Die Ma\u00dfnahme betrifft alle Nutzer anlasslos, auch wenn keine Inhalte gespeichert werden. Die Speicherung erfolgt somit nicht erst bei Verdacht, sondern pauschal. Zudem k\u00f6nnen IP-Adressen in Kombination mit anderen Daten durchaus sensibel sein, da sie es erm\u00f6glichen, digitale Aktivit\u00e4ten technisch zu verkn\u00fcpfen.<\/p>\n\n\n\n<p>Ein weiterer Kritikpunkt ist die Ausweitung der staatlichen Zugriffsm\u00f6glichkeiten: Nach dem Entwurf sollen nicht nur klassische Strafverfolgungsbeh\u00f6rden, sondern auch weitere berechtigte Stellen Zugriff erhalten. Gerade solche Details d\u00fcrften in der politischen und juristischen Debatte noch eine wichtige Rolle spielen.<\/p>","protected":false},"excerpt":{"rendered":"<p>Die Bundesregierung hat einen neuen Anlauf zur Speicherung von IP-Adressen beschlossen. Am 22. April 2026 hat das Bundeskabinett einen entsprechenden Gesetzentwurf auf den Weg gebracht. Dieser verpflichtet Internetzugangsanbieter dazu, IP-Adressen f\u00fcr drei Monate vorsorglich zu speichern. Das Ziel besteht darin, Straftaten im Netz besser verfolgen zu k\u00f6nnen, beispielsweise Cyberbetrug, Hasskriminalit\u00e4t oder die Verbreitung von Missbrauchsdarstellungen....<\/p>\n","protected":false},"author":1,"featured_media":11858,"comment_status":"open","ping_status":"closed","sticky":false,"template":"","format":"standard","meta":{"footnotes":""},"categories":[1],"tags":[],"_links":{"self":[{"href":"https:\/\/www.felix-bauer-it.de\/blog\/wp-json\/wp\/v2\/posts\/11855"}],"collection":[{"href":"https:\/\/www.felix-bauer-it.de\/blog\/wp-json\/wp\/v2\/posts"}],"about":[{"href":"https:\/\/www.felix-bauer-it.de\/blog\/wp-json\/wp\/v2\/types\/post"}],"author":[{"embeddable":true,"href":"https:\/\/www.felix-bauer-it.de\/blog\/wp-json\/wp\/v2\/users\/1"}],"replies":[{"embeddable":true,"href":"https:\/\/www.felix-bauer-it.de\/blog\/wp-json\/wp\/v2\/comments?post=11855"}],"version-history":[{"count":2,"href":"https:\/\/www.felix-bauer-it.de\/blog\/wp-json\/wp\/v2\/posts\/11855\/revisions"}],"predecessor-version":[{"id":11857,"href":"https:\/\/www.felix-bauer-it.de\/blog\/wp-json\/wp\/v2\/posts\/11855\/revisions\/11857"}],"wp:featuredmedia":[{"embeddable":true,"href":"https:\/\/www.felix-bauer-it.de\/blog\/wp-json\/wp\/v2\/media\/11858"}],"wp:attachment":[{"href":"https:\/\/www.felix-bauer-it.de\/blog\/wp-json\/wp\/v2\/media?parent=11855"}],"wp:term":[{"taxonomy":"category","embeddable":true,"href":"https:\/\/www.felix-bauer-it.de\/blog\/wp-json\/wp\/v2\/categories?post=11855"},{"taxonomy":"post_tag","embeddable":true,"href":"https:\/\/www.felix-bauer-it.de\/blog\/wp-json\/wp\/v2\/tags?post=11855"}],"curies":[{"name":"wp","href":"https:\/\/api.w.org\/{rel}","templated":true}]}}